{"id":258,"date":"2017-09-28T14:25:12","date_gmt":"2017-09-28T12:25:12","guid":{"rendered":"https:\/\/pelletier-avocat.fr\/?p=258"},"modified":"2017-09-28T14:25:30","modified_gmt":"2017-09-28T12:25:30","slug":"la-saisine-du-conseil-de-prudhommes-par-un-ancien-directeur-general-licencie-pour-faute-grave","status":"publish","type":"post","link":"https:\/\/pelletier-avocat.fr\/?p=258","title":{"rendered":"La saisine du Conseil de prud\u2019hommes par un ancien directeur g\u00e9n\u00e9ral licenci\u00e9 pour faute grave"},"content":{"rendered":"<p>L\u2019Etude de Ma\u00eetre PELLETIER a accompagn\u00e9 devant les juridictions prud\u2019homales un ancien directeur g\u00e9n\u00e9ral licenci\u00e9 pour faute grave.<\/p>\n<p>Pour un salaire moyen de 5.987 \u20ac et une anciennet\u00e9 de trois ans, le Conseil de prud\u2019hommes de SAVERNE a retenu le fait que le licenciement \u00e9tait d\u00e9nu\u00e9 de cause r\u00e9elle et s\u00e9rieuse et condamn\u00e9 l\u2019employeur \u00e0 payer \u00e0 son ancien salari\u00e9 :<\/p>\n<ul>\n<li>1.500,00 \u20ac de dommages int\u00e9r\u00eats pour licenciement vexatoire ;<\/li>\n<li>35.893,14 \u20ac pour licenciement sans cause r\u00e9elle et s\u00e9rieuse\u00a0;<\/li>\n<li>11.964,38 \u20ac au titre de l\u2019indemnit\u00e9 de licenciement\u00a0;<\/li>\n<li>35.893,14 \u20ac au titre de l\u2019indemnit\u00e9 compensatrice de pr\u00e9avis\u00a0;<\/li>\n<li>2.000,00 \u20ac au titre de l\u2019article 700 du Code de proc\u00e9dure civile.<\/li>\n<\/ul>\n<p>L\u2019employeur ayant interjet\u00e9 appel, la Cour d\u2019appel de COLMAR a confirm\u00e9 le Jugement en toutes ses dispositions et a ajout\u00e9 un montant de 3.000,00 \u20ac au titre de l\u2019article 700 du Code de proc\u00e9dure civile, ce montant \u00e9tant destin\u00e9 \u00e0 faire supporter \u00e0 la partie adverse une partie au moins des honoraires de Ma\u00eetre PELLETIER.<\/p>\n<p>Cadre ou cr\u00e9ateur d\u2019entreprise voulant obtenir satisfaction face \u00e0 votre dernier employeur ind\u00e9licat, n<a href=\"https:\/\/pelletier-avocat.fr\/\" target=\"_blank\" rel=\"noopener\">\u2019h\u00e9sitez pas \u00e0 faire appel \u00e0 l\u2019expertise de Ma\u00eetre PELLETIER<\/a> en mati\u00e8re de droit du travail, il se fera une joie de vous recevoir pour vous donner une consultation juridique et vous accompagner au mieux de vos int\u00e9r\u00eats dans la proc\u00e9dure prud\u2019homale, que ce soit devant le Conseil de Prud\u2019hommes de STRASBOURG, le Conseil de Prud\u2019hommes de SAVERNE, le Conseil de Prud\u2019hommes de COLMAR ou encore la Cour d\u2019appel de COLMAR.<\/p>\n<p>En annexe : <a href=\"http:\/\/Arr\u00eat de la Cour d'Appel anonymis\u00e9\" target=\"_blank\" rel=\"noopener\">Arr\u00eat de la Cour d&rsquo;Appel anonymis\u00e9<\/a><\/p>\n<!-- AddThis Advanced Settings generic via filter on the_content --><!-- AddThis Share Buttons generic via filter on the_content -->","protected":false},"excerpt":{"rendered":"<p>L\u2019Etude de Ma\u00eetre PELLETIER a accompagn\u00e9 devant les juridictions prud\u2019homales un ancien directeur g\u00e9n\u00e9ral licenci\u00e9 pour faute grave. Pour un salaire moyen de 5.987 \u20ac et une anciennet\u00e9 de trois ans, le Conseil de prud\u2019hommes de SAVERNE a retenu le fait que le licenciement \u00e9tait d\u00e9nu\u00e9 de cause r\u00e9elle et s\u00e9rieuse et condamn\u00e9 l\u2019employeur \u00e0<a href=\"https:\/\/pelletier-avocat.fr\/?p=258\">[&#8230;]<\/a><!-- AddThis Advanced Settings generic via filter on get_the_excerpt --><!-- AddThis Share Buttons generic via filter on get_the_excerpt --><\/p>\n","protected":false},"author":1,"featured_media":0,"comment_status":"closed","ping_status":"closed","sticky":false,"template":"","format":"standard","meta":{"footnotes":""},"categories":[23,24],"tags":[],"class_list":["post-258","post","type-post","status-publish","format-standard","hentry","category-droit-des-personnes-et-des-biens","category-droit-du-travail"],"aioseo_notices":[],"_links":{"self":[{"href":"https:\/\/pelletier-avocat.fr\/index.php?rest_route=\/wp\/v2\/posts\/258"}],"collection":[{"href":"https:\/\/pelletier-avocat.fr\/index.php?rest_route=\/wp\/v2\/posts"}],"about":[{"href":"https:\/\/pelletier-avocat.fr\/index.php?rest_route=\/wp\/v2\/types\/post"}],"author":[{"embeddable":true,"href":"https:\/\/pelletier-avocat.fr\/index.php?rest_route=\/wp\/v2\/users\/1"}],"replies":[{"embeddable":true,"href":"https:\/\/pelletier-avocat.fr\/index.php?rest_route=%2Fwp%2Fv2%2Fcomments&post=258"}],"version-history":[{"count":2,"href":"https:\/\/pelletier-avocat.fr\/index.php?rest_route=\/wp\/v2\/posts\/258\/revisions"}],"predecessor-version":[{"id":261,"href":"https:\/\/pelletier-avocat.fr\/index.php?rest_route=\/wp\/v2\/posts\/258\/revisions\/261"}],"wp:attachment":[{"href":"https:\/\/pelletier-avocat.fr\/index.php?rest_route=%2Fwp%2Fv2%2Fmedia&parent=258"}],"wp:term":[{"taxonomy":"category","embeddable":true,"href":"https:\/\/pelletier-avocat.fr\/index.php?rest_route=%2Fwp%2Fv2%2Fcategories&post=258"},{"taxonomy":"post_tag","embeddable":true,"href":"https:\/\/pelletier-avocat.fr\/index.php?rest_route=%2Fwp%2Fv2%2Ftags&post=258"}],"curies":[{"name":"wp","href":"https:\/\/api.w.org\/{rel}","templated":true}]}}